{"id":225,"date":"2018-09-27T15:34:03","date_gmt":"2018-09-27T18:34:03","guid":{"rendered":"https:\/\/blog.filhosemfila.com.br\/?p=225"},"modified":"2018-09-27T15:34:03","modified_gmt":"2018-09-27T18:34:03","slug":"todos-comentam-filho-sem-fila-no-paraguai","status":"publish","type":"post","link":"https:\/\/blog.filhosemfila.com.br\/index.php\/2018\/09\/27\/todos-comentam-filho-sem-fila-no-paraguai\/","title":{"rendered":"Todos comentam: Filho sem Fila no Paraguai."},"content":{"rendered":"<p><strong>A not\u00edcia \u00e9 boa e deve ser espalhada.<\/strong> O lan\u00e7amento do aplicativo Filho sem Fila em escola no Paraguai deu o que falar. Saibam sobre n\u00fameros ben\u00e9ficos que a Filho sem Fila proporciona para as escolas em geral e a relev\u00e2ncia<strong> dessa nova implanta\u00e7\u00e3o em um novo pa\u00eds<\/strong>.<\/p>\n<p><strong>Leia mais:<br \/>\nCliqueabc:<\/strong> http:\/\/cliqueabc.com.br\/app-filho-sem-fila-chega-ao-paraguai\/<br \/>\n<strong>Abcagora:<\/strong> http:\/\/www.abcagora.com.br\/2018\/09\/13\/app-filho-sem-fila-chega-ao-paraguai\/<br \/>\n<strong>Jornalexata:<\/strong> http:\/\/jornalexata.com.br\/aplicativo-filho-sem-fila-sera-lancado-no-paraguai\/<\/p>\n","protected":false},"excerpt":{"rendered":"<p>A not\u00edcia \u00e9 boa e deve ser espalhada. O lan\u00e7amento do aplicativo Filho sem Fila em escola no Paraguai deu o que falar. Saibam sobre n\u00fameros ben\u00e9ficos que a Filho sem Fila proporciona para as escolas em geral e a relev\u00e2ncia dessa nova implanta\u00e7\u00e3o em um novo pa\u00eds. Leia mais: Cliqueabc: http:\/\/cliqueabc.com.br\/app-filho-sem-fila-chega-ao-paraguai\/ Abcagora: http:\/\/www.abcagora.com.br\/2018\/09\/13\/app-filho-sem-fila-chega-ao-paraguai\/ Jornalexata: [&hellip;]<\/p>\n","protected":false},"author":1,"featured_media":237,"comment_status":"open","ping_status":"open","sticky":false,"template":"","format":"standard","meta":[],"categories":[1],"tags":[11,18,16,17,12,13],"_links":{"self":[{"href":"https:\/\/blog.filhosemfila.com.br\/index.php\/wp-json\/wp\/v2\/posts\/225"}],"collection":[{"href":"https:\/\/blog.filhosemfila.com.br\/index.php\/wp-json\/wp\/v2\/posts"}],"about":[{"href":"https:\/\/blog.filhosemfila.com.br\/index.php\/wp-json\/wp\/v2\/types\/post"}],"author":[{"embeddable":true,"href":"https:\/\/blog.filhosemfila.com.br\/index.php\/wp-json\/wp\/v2\/users\/1"}],"replies":[{"embeddable":true,"href":"https:\/\/blog.filhosemfila.com.br\/index.php\/wp-json\/wp\/v2\/comments?post=225"}],"version-history":[{"count":5,"href":"https:\/\/blog.filhosemfila.com.br\/index.php\/wp-json\/wp\/v2\/posts\/225\/revisions"}],"predecessor-version":[{"id":238,"href":"https:\/\/blog.filhosemfila.com.br\/index.php\/wp-json\/wp\/v2\/posts\/225\/revisions\/238"}],"wp:featuredmedia":[{"embeddable":true,"href":"https:\/\/blog.filhosemfila.com.br\/index.php\/wp-json\/wp\/v2\/media\/237"}],"wp:attachment":[{"href":"https:\/\/blog.filhosemfila.com.br\/index.php\/wp-json\/wp\/v2\/media?parent=225"}],"wp:term":[{"taxonomy":"category","embeddable":true,"href":"https:\/\/blog.filhosemfila.com.br\/index.php\/wp-json\/wp\/v2\/categories?post=225"},{"taxonomy":"post_tag","embeddable":true,"href":"https:\/\/blog.filhosemfila.com.br\/index.php\/wp-json\/wp\/v2\/tags?post=225"}],"curies":[{"name":"wp","href":"https:\/\/api.w.org\/{rel}","templated":true}]}}