{"id":322,"date":"2019-02-20T08:44:17","date_gmt":"2019-02-20T11:44:17","guid":{"rendered":"https:\/\/blog.filhosemfila.com.br\/?p=322"},"modified":"2019-02-20T08:44:17","modified_gmt":"2019-02-20T11:44:17","slug":"solucoes-para-o-caos-da-saida-escolar-serao-apresentadas-na-edtech-conference-2019","status":"publish","type":"post","link":"https:\/\/blog.filhosemfila.com.br\/index.php\/2019\/02\/20\/solucoes-para-o-caos-da-saida-escolar-serao-apresentadas-na-edtech-conference-2019\/","title":{"rendered":"Solu\u00e7\u00f5es para o caos da sa\u00edda escolar ser\u00e3o apresentadas na EdTech Conference 2019."},"content":{"rendered":"<p>Presente em 17 estados e mais de 40 cidades brasileiras (al\u00e9m do Canad\u00e1 e Paraguai), o aplicativo Filho sem Fila mostrar\u00e1 como resolve os problemas mais comuns durante a sa\u00edda escolar (tr\u00e2nsito e seguran\u00e7a)<\/p>\n<p>O Expo Center Norte ser\u00e1 palco, no dia 21 de fevereiro, das 9h \u00e0s 18h, da terceira edi\u00e7\u00e3o da EdTech Conference. O evento reunir\u00e1 aproximadamente 1,5 mil educadores, empres\u00e1rios e investidores para debater o papel das escolas em uma realidade onde toda a informa\u00e7\u00e3o est\u00e1 na internet.<\/p>\n<p>Nesta Era da Tecnologia, o grande desafio das institui\u00e7\u00f5es educacionais vai al\u00e9m da utiliza\u00e7\u00e3o das ferramentas tecnol\u00f3gicas j\u00e1 dispon\u00edveis para este mercado. Mais do que transferir os dados do quadro-negro para o computador, \u00e9 importante entender que a qualidade e o modo de ensino mudaram em raz\u00e3o da transforma\u00e7\u00e3o de comportamento e perfil dos alunos. Educadores e especialistas de todo o mundo t\u00eam buscado formas de implementar metodologias que desenvolvam os estudantes de forma integral.<\/p>\n<p>Para debater sobre este cen\u00e1rio, entre os palestrantes convidados pela EdTech Conference est\u00e3o o diretor de desenvolvimento global do Instituto Ayrton Senna, Em\u00edlio Munaro; o CEO do Centro Universit\u00e1rio Celso Lisboa, Rodolfo Bertolini; e D\u00e9bora Garofalo, eleita uma das 50 melhores professoras do mundo pelo Global Teacher Prize \u2013 conhecido como \u201cNobel da Educa\u00e7\u00e3o\u201d.<\/p>\n<p><strong>Feira e oportunidades<\/strong><\/p>\n<p>A EdTech Conference 2019 tamb\u00e9m \u00e9 uma oportunidade de reunir grandes feras da educa\u00e7\u00e3o, desde estudiosos a empreendedores que identificam uma \u201cdor\u201d do setor e desenvolvem solu\u00e7\u00f5es (ferramentas) que contribuem para a melhor gest\u00e3o das escolas. Dentro ou fora das salas de aula, na Era da Tecnologia, o que todas as pessoas procuram \u00e9 por dispositivos que tragam qualidade, conforto e praticidade para o dia-a-dia.<\/p>\n<p>Dentre os expositores, estar\u00e1 uma das startups mais inovadoras do Pa\u00eds, o aplicativo Filho sem Fila, que desde 2013 otimiza a sa\u00edda dos alunos das escolas e, com isso, colabora na redu\u00e7\u00e3o do tr\u00e2nsito no entorno escolar e traz mais seguran\u00e7a para pais e alunos. \u201cNossa ferramenta assegura que as crian\u00e7as ser\u00e3o entregues somente aos respons\u00e1veis autorizados via aplicativo, que s\u00e3o identificados por meio de fotos. Outro ponto positivo \u00e9 o tempo de espera dos pais pelos filhos, reduzindo a exposi\u00e7\u00e3o \u00e0 viol\u00eancia\u201d, salientou o CEO do app Filho sem Fila, Leo Gmeiner.<\/p>\n<p>O Filho sem Fila atende mais de 100 escolas em todo o Pa\u00eds, e est\u00e1 presente no Paraguai e Canad\u00e1; e, dada as caracter\u00edsticas sociais das grandes cidades brasileiras, \u00e9 sabido que existe um vasto campo para o crescimento do aplicativo.<\/p>\n<p><strong>Sobre o Filho sem Fila<\/strong><\/p>\n<p>Idealizado e desenvolvido em 2013, o aplicativo tem como objetivo dar mais agilidade e seguran\u00e7a aos pais na hora de buscar seus filhos na escola. Pela geolocaliza\u00e7\u00e3o, o pai ou a m\u00e3e vincula seus dados aos do seu filho e consegue avisar a escola que est\u00e1 chegando, para que prepare a sa\u00edda do aluno e ele esteja no p\u00e1tio no momento exato de sua chegada.<\/p>\n<p>Ao contratar o servi\u00e7o, a institui\u00e7\u00e3o de ensino pode delimitar uma &#8216;cerca eletr\u00f4nica&#8217; com determinada dist\u00e2ncia do local. Quando esse raio \u00e9 ultrapassado pelos pais, o aplicativo gera um alerta autom\u00e1tico, calculando o tempo que resta at\u00e9 os pais chegarem \u00e0 escola.<\/p>\n<p>O Filho sem Fila \u00e9 o primeiro aplicativo no Pa\u00eds a oferecer esse servi\u00e7o, atendendo mais de 100 escolas em todo territ\u00f3rio nacional, presente em 11 Estados e 30 cidades, promovendo economia de cerca de 30 horas\/ano para cada pai que utiliza o sistema diariamente. Atualmente, s\u00e3o aproximadamente 30 mil alunos e 50 mil pais ou respons\u00e1veis usu\u00e1rios do sistema.<\/p>\n<p><strong>Alguns n\u00fameros:<\/strong><br \/>\nRedu\u00e7\u00e3o de 50% do tempo total de sa\u00edda de alunos<br \/>\nGanho de 30 horas\/ano por pai<br \/>\nCerca de 90 mil usu\u00e1rios entre alunos e respons\u00e1veis<br \/>\nMais de 2,2 milh\u00f5es de chamados de alunos<br \/>\nMais de 568 mil horas economizadas<\/p>\n<p>&nbsp;<\/p>\n","protected":false},"excerpt":{"rendered":"<p>Presente em 17 estados e mais de 40 cidades brasileiras (al\u00e9m do Canad\u00e1 e Paraguai), o aplicativo Filho sem Fila mostrar\u00e1 como resolve os problemas mais comuns durante a sa\u00edda escolar (tr\u00e2nsito e seguran\u00e7a) O Expo Center Norte ser\u00e1 palco, no dia 21 de fevereiro, das 9h \u00e0s 18h, da terceira edi\u00e7\u00e3o da EdTech Conference. [&hellip;]<\/p>\n","protected":false},"author":1,"featured_media":327,"comment_status":"open","ping_status":"open","sticky":false,"template":"","format":"standard","meta":[],"categories":[1],"tags":[],"_links":{"self":[{"href":"https:\/\/blog.filhosemfila.com.br\/index.php\/wp-json\/wp\/v2\/posts\/322"}],"collection":[{"href":"https:\/\/blog.filhosemfila.com.br\/index.php\/wp-json\/wp\/v2\/posts"}],"about":[{"href":"https:\/\/blog.filhosemfila.com.br\/index.php\/wp-json\/wp\/v2\/types\/post"}],"author":[{"embeddable":true,"href":"https:\/\/blog.filhosemfila.com.br\/index.php\/wp-json\/wp\/v2\/users\/1"}],"replies":[{"embeddable":true,"href":"https:\/\/blog.filhosemfila.com.br\/index.php\/wp-json\/wp\/v2\/comments?post=322"}],"version-history":[{"count":3,"href":"https:\/\/blog.filhosemfila.com.br\/index.php\/wp-json\/wp\/v2\/posts\/322\/revisions"}],"predecessor-version":[{"id":326,"href":"https:\/\/blog.filhosemfila.com.br\/index.php\/wp-json\/wp\/v2\/posts\/322\/revisions\/326"}],"wp:featuredmedia":[{"embeddable":true,"href":"https:\/\/blog.filhosemfila.com.br\/index.php\/wp-json\/wp\/v2\/media\/327"}],"wp:attachment":[{"href":"https:\/\/blog.filhosemfila.com.br\/index.php\/wp-json\/wp\/v2\/media?parent=322"}],"wp:term":[{"taxonomy":"category","embeddable":true,"href":"https:\/\/blog.filhosemfila.com.br\/index.php\/wp-json\/wp\/v2\/categories?post=322"},{"taxonomy":"post_tag","embeddable":true,"href":"https:\/\/blog.filhosemfila.com.br\/index.php\/wp-json\/wp\/v2\/tags?post=322"}],"curies":[{"name":"wp","href":"https:\/\/api.w.org\/{rel}","templated":true}]}}