{"id":389,"date":"2019-06-05T18:58:23","date_gmt":"2019-06-05T21:58:23","guid":{"rendered":"https:\/\/blog.filhosemfila.com.br\/?p=389"},"modified":"2019-06-05T18:59:16","modified_gmt":"2019-06-05T21:59:16","slug":"filho-sem-fila-economiza-co2-e-contribui-com-o-meio-ambiente","status":"publish","type":"post","link":"https:\/\/blog.filhosemfila.com.br\/index.php\/2019\/06\/05\/filho-sem-fila-economiza-co2-e-contribui-com-o-meio-ambiente\/","title":{"rendered":"Filho sem Fila economiza CO2 e contribui com o Meio Ambiente"},"content":{"rendered":"<p style=\"font-weight: 400;\">O tema para este ano no Dia Mundial do Meio Ambiente \u00e9 a \u201cPolui\u00e7\u00e3o do ar\u201d, e aqui no Filho sem Fila temos uma excelente not\u00edcia: estamos ajudando milhares de pais a economizar CO2 , reduzindo a polui\u00e7\u00e3o, ao deixar os autom\u00f3veis menos tempo no tr\u00e2nsito durante o processo de sa\u00edda dos alunos da escola. Assim, al\u00e9m de levarmos mais agilidade e seguran\u00e7a \u00e0 log\u00edstica de sa\u00edda das institui\u00e7\u00f5es de ensino, ainda incentivamos a educa\u00e7\u00e3o no tr\u00e2nsito e a cidadania, melhorando o meio ambiente.<\/p>\n<p>&nbsp;<\/p>\n<p style=\"font-weight: 400;\">No mundo todo, a China \u00e9 o pa\u00eds sede da campanha do Dia Mundial do Meio Ambiente, que tem como objetivo unir esfor\u00e7os para solucionar esse desafio, que atinge todas as pessoas, sendo mais prejudicial \u00e0s crian\u00e7as e mulheres gr\u00e1vidas.<\/p>\n<p style=\"font-weight: 400;\">A campanha incentivar\u00e1 tanto os governos, como ind\u00fastrias, comunidades e indiv\u00edduos, a explorarem a energia renov\u00e1vel e tecnologias verdes, para que juntos melhorem a qualidade do ar por todo o mundo.<\/p>\n<p style=\"font-weight: 400;\">Aqui no Brasil, entre os dias 1\u00ba e 9 de junho, ser\u00e3o realizadas atividades voltadas para a tem\u00e1tica. O Governo brasileiro e a ONU, por exemplo, com apoio da OPAS\/OMS (Organiza\u00e7\u00e3o Pan-Americana da Sa\u00fade\/Organiza\u00e7\u00e3o Mundial da Sa\u00fade), CETESB (Companhia Ambiental do Estado de S\u00e3o Paulo) e UNICA (Uni\u00e3o da Ind\u00fastria de Cana-de-A\u00e7\u00facar), anunciar\u00e3o a Rede Nacional de Monitoramento da Qualidade do Ar e a Campanha Respire Vida no Brasil, visando mobilizar cidades e a popula\u00e7\u00e3o na prote\u00e7\u00e3o da sa\u00fade das pessoas e do planeta por conta dos efeitos nocivos provocados pela contamina\u00e7\u00e3o do ar.<\/p>\n<p style=\"font-weight: 400;\">Anualmente, cerca de 7 milh\u00f5es de pessoas morrem de forma prematura por causa da polui\u00e7\u00e3o do ar, sendo 4 milh\u00f5es na regi\u00e3o da \u00c1sia e Pac\u00edfico.<\/p>\n<p style=\"font-weight: 400;\">A escolha da China como anfitri\u00e3 das a\u00e7\u00f5es mundiais voltadas para o tema tem rela\u00e7\u00e3o com a lideran\u00e7a que o pa\u00eds tem no combate \u00e0 polui\u00e7\u00e3o do ar, com o crescente setor de energias verdes. O pa\u00eds possui metade dos ve\u00edculos e 99% de seus \u00f4nibus el\u00e9tricos. Desta forma, o governo chin\u00eas mostrar\u00e1 suas inova\u00e7\u00f5es, contribuindo para o avan\u00e7o tecnol\u00f3gico mundial no combate \u00e0 polui\u00e7\u00e3o.<\/p>\n<p style=\"font-weight: 400;\">Acesse o site oficial e entre para a campanha #AcabarComAPolui\u00e7\u00e3odoAr:<a href=\"http:\/\/bit.ly\/2QGS8U5\">http:\/\/bit.ly\/2QGS8U5<\/a><\/p>\n<p style=\"font-weight: 400;\"><img loading=\"lazy\" class=\"alignnone size-full wp-image-390\" src=\"https:\/\/blog.filhosemfila.com.br\/wp-content\/uploads\/2019\/06\/Gamificacao.jpg\" alt=\"\" width=\"1440\" height=\"2960\" \/><\/p>\n","protected":false},"excerpt":{"rendered":"<p>O tema para este ano no Dia Mundial do Meio Ambiente \u00e9 a \u201cPolui\u00e7\u00e3o do ar\u201d, e aqui no Filho sem Fila temos uma excelente not\u00edcia: estamos ajudando milhares de pais a economizar CO2 , reduzindo a polui\u00e7\u00e3o, ao deixar os autom\u00f3veis menos tempo no tr\u00e2nsito durante o processo de sa\u00edda dos alunos da escola. [&hellip;]<\/p>\n","protected":false},"author":8,"featured_media":0,"comment_status":"open","ping_status":"open","sticky":false,"template":"","format":"standard","meta":[],"categories":[1],"tags":[],"_links":{"self":[{"href":"https:\/\/blog.filhosemfila.com.br\/index.php\/wp-json\/wp\/v2\/posts\/389"}],"collection":[{"href":"https:\/\/blog.filhosemfila.com.br\/index.php\/wp-json\/wp\/v2\/posts"}],"about":[{"href":"https:\/\/blog.filhosemfila.com.br\/index.php\/wp-json\/wp\/v2\/types\/post"}],"author":[{"embeddable":true,"href":"https:\/\/blog.filhosemfila.com.br\/index.php\/wp-json\/wp\/v2\/users\/8"}],"replies":[{"embeddable":true,"href":"https:\/\/blog.filhosemfila.com.br\/index.php\/wp-json\/wp\/v2\/comments?post=389"}],"version-history":[{"count":2,"href":"https:\/\/blog.filhosemfila.com.br\/index.php\/wp-json\/wp\/v2\/posts\/389\/revisions"}],"predecessor-version":[{"id":392,"href":"https:\/\/blog.filhosemfila.com.br\/index.php\/wp-json\/wp\/v2\/posts\/389\/revisions\/392"}],"wp:attachment":[{"href":"https:\/\/blog.filhosemfila.com.br\/index.php\/wp-json\/wp\/v2\/media?parent=389"}],"wp:term":[{"taxonomy":"category","embeddable":true,"href":"https:\/\/blog.filhosemfila.com.br\/index.php\/wp-json\/wp\/v2\/categories?post=389"},{"taxonomy":"post_tag","embeddable":true,"href":"https:\/\/blog.filhosemfila.com.br\/index.php\/wp-json\/wp\/v2\/tags?post=389"}],"curies":[{"name":"wp","href":"https:\/\/api.w.org\/{rel}","templated":true}]}}