{"id":398,"date":"2019-06-24T18:29:20","date_gmt":"2019-06-24T21:29:20","guid":{"rendered":"https:\/\/blog.filhosemfila.com.br\/?p=398"},"modified":"2019-06-24T18:32:22","modified_gmt":"2019-06-24T21:32:22","slug":"filho-sem-fila-e-escolhido-para-o-canada","status":"publish","type":"post","link":"https:\/\/blog.filhosemfila.com.br\/index.php\/2019\/06\/24\/filho-sem-fila-e-escolhido-para-o-canada\/","title":{"rendered":"Filho sem Fila \u00e9 escolhido para o Canad\u00e1"},"content":{"rendered":"<p><img loading=\"lazy\" class=\"alignnone size-full wp-image-399\" src=\"https:\/\/blog.filhosemfila.com.br\/wp-content\/uploads\/2019\/06\/StartOut.jpg\" alt=\"\" width=\"152\" height=\"90\" \/><\/p>\n<p style=\"font-weight: 400;\">O Filho sem Fila, aplicativo pioneiro no mundo a levar mais agilidade, tecnologia e seguran\u00e7a ao processo de sa\u00edda das escolas, \u00e9 um dos destaques do programa StartOut Brasil &#8211; ciclo Toronto, que selecionou 20 startups brasileiras para uma semana de inova\u00e7\u00e3o no mercado canadense.<\/p>\n<p style=\"font-weight: 400;\">O CEO e fundador do Filho sem Fila, Leo Gmeiner, \u00e9 quem representa o aplicativo no evento. &#8220;Recentemente, estivemos no Canad\u00e1 para participar de outro programa, o Collision, para o qual fomos selecionados, e tamb\u00e9m visitamos outras regi\u00f5es para investir na expans\u00e3o do Filho sem Fila na Am\u00e9rica do Norte&#8221;, comenta Leo.<\/p>\n<p style=\"font-weight: 400;\">\u201cEssa participa\u00e7\u00e3o \u00e9 muito estrat\u00e9gica para conhecer o ecossistema do Canad\u00e1 e tamb\u00e9m de outros pa\u00edses, j\u00e1 que interagimos com startups e investidores de diversos pa\u00edses&#8221;, revela.<\/p>\n<p style=\"font-weight: 400;\">O\u00a0executivo falou sobre a grande relev\u00e2ncia da sele\u00e7\u00e3o da Filho sem Fila para os dois programas, que contaram com o apoio o Minist\u00e9rio do Desenvolvimento, Minist\u00e9rio das Rela\u00e7\u00f5es Interiores, APEX, Protec e Sebrae. \u201cFoi importante termos sido escolhidos para participar destes eventos, devido \u00e0s oportunidades e experi\u00eancias. Mas, acima disso, para alinhamento da estrat\u00e9gia de internacionaliza\u00e7\u00e3o pelo Canad\u00e1, j\u00e1 que fomos avaliados e selecionados, tanto por investidores, como por especialistas brasileiros e canadenses\u201d, finaliza Leo.<\/p>\n","protected":false},"excerpt":{"rendered":"<p>O Filho sem Fila, aplicativo pioneiro no mundo a levar mais agilidade, tecnologia e seguran\u00e7a ao processo de sa\u00edda das escolas, \u00e9 um dos destaques do programa StartOut Brasil &#8211; ciclo Toronto, que selecionou 20 startups brasileiras para uma semana de inova\u00e7\u00e3o no mercado canadense. O CEO e fundador do Filho sem Fila, Leo Gmeiner, [&hellip;]<\/p>\n","protected":false},"author":8,"featured_media":0,"comment_status":"open","ping_status":"open","sticky":false,"template":"","format":"standard","meta":[],"categories":[1],"tags":[],"_links":{"self":[{"href":"https:\/\/blog.filhosemfila.com.br\/index.php\/wp-json\/wp\/v2\/posts\/398"}],"collection":[{"href":"https:\/\/blog.filhosemfila.com.br\/index.php\/wp-json\/wp\/v2\/posts"}],"about":[{"href":"https:\/\/blog.filhosemfila.com.br\/index.php\/wp-json\/wp\/v2\/types\/post"}],"author":[{"embeddable":true,"href":"https:\/\/blog.filhosemfila.com.br\/index.php\/wp-json\/wp\/v2\/users\/8"}],"replies":[{"embeddable":true,"href":"https:\/\/blog.filhosemfila.com.br\/index.php\/wp-json\/wp\/v2\/comments?post=398"}],"version-history":[{"count":1,"href":"https:\/\/blog.filhosemfila.com.br\/index.php\/wp-json\/wp\/v2\/posts\/398\/revisions"}],"predecessor-version":[{"id":400,"href":"https:\/\/blog.filhosemfila.com.br\/index.php\/wp-json\/wp\/v2\/posts\/398\/revisions\/400"}],"wp:attachment":[{"href":"https:\/\/blog.filhosemfila.com.br\/index.php\/wp-json\/wp\/v2\/media?parent=398"}],"wp:term":[{"taxonomy":"category","embeddable":true,"href":"https:\/\/blog.filhosemfila.com.br\/index.php\/wp-json\/wp\/v2\/categories?post=398"},{"taxonomy":"post_tag","embeddable":true,"href":"https:\/\/blog.filhosemfila.com.br\/index.php\/wp-json\/wp\/v2\/tags?post=398"}],"curies":[{"name":"wp","href":"https:\/\/api.w.org\/{rel}","templated":true}]}}