{"id":681,"date":"2021-10-27T16:39:00","date_gmt":"2021-10-27T19:39:00","guid":{"rendered":"http:\/\/blog.filhosemfila.com.br\/?p=681"},"modified":"2021-11-12T15:41:25","modified_gmt":"2021-11-12T18:41:25","slug":"prevencao-contra-a-covid-19-comeca-em-casa","status":"publish","type":"post","link":"https:\/\/blog.filhosemfila.com.br\/index.php\/2021\/10\/27\/prevencao-contra-a-covid-19-comeca-em-casa\/","title":{"rendered":"Preven\u00e7\u00e3o contra a Covid-19 come\u00e7a em casa"},"content":{"rendered":"\n<p><em>Ensinar sobre a preven\u00e7\u00e3o contra\na Covid-19 no lar reduz a contamina\u00e7\u00e3o nas escolas, pois tornamos os alunos\nmais respons\u00e1veis por si e pelos outros<\/em><\/p>\n\n\n\n<p>Vivemos em um momento complexo de inseguran\u00e7a, incertezas e d\u00favidas, mas sabemos que \u00e9 preciso manter todas as pessoas alinhadas sobre os cuidados a serem tomados para evitarmos a dissemina\u00e7\u00e3o da Covid-19.<\/p>\n\n\n\n<p>A pandemia ainda n\u00e3o acabou, mas os servi\u00e7os presenciais t\u00eam voltado aos poucos, assim como as aulas, ainda na desconfian\u00e7a sobre se a retomada j\u00e1 \u00e9 segura, ou n\u00e3o. O fato \u00e9 que, economicamente, recome\u00e7ar \u00e9 preciso, e para que isso aconte\u00e7a com mais tranquilidade, todos os envolvidos na comunidade escolar precisam fazer a sua parte. <\/p>\n\n\n\n<p>Portanto, \u00e9 fundamental educar os alunos em casa sobre as medidas preventivas contra a atenua\u00e7\u00e3o da doen\u00e7a para que em outros ambientes, como no escolar, possam seguir as etiquetas \u00e0 risca. <\/p>\n\n\n\n<h4>Gestores escolares e especialistas opinam<\/h4>\n\n\n\n<p>Segundo o empres\u00e1rio e diretor da <a rel=\"noreferrer noopener\" href=\"https:\/\/maplebear.com.br\/\" target=\"_blank\">Maple Bear<\/a> da unidade de Santo Andr\u00e9 (SP), Felipe Cascardi, \u00e9 preciso que exista a educa\u00e7\u00e3o dom\u00e9stica sobre os m\u00e9todos de preven\u00e7\u00e3o. \u201cO aluno passa, apenas, cerca de 20 a 30% do dia na escola. Sendo assim, os estudantes, e todas as pessoas com quem eles convivem, devem seguir o mesmo padr\u00e3o de preven\u00e7\u00e3o aplicado no ambiente escolar\u201d, declara.<\/p>\n\n\n\n<p>Ainda, Matheus Natal, biom\u00e9dico, especialista em Virologia e Epidemiologia pelo <a rel=\"noreferrer noopener\" href=\"https:\/\/www.hospitalsiriolibanes.org.br\/Paginas\/nova-home.aspx\" target=\"_blank\">Hospital S\u00edrio-Liban\u00eas<\/a> de S\u00e3o Paulos e <a rel=\"noreferrer noopener\" href=\"https:\/\/www5.usp.br\/\" target=\"_blank\">USP (Universidade de S\u00e3o Paulo)<\/a>, corrobora que o come\u00e7o de tudo \u00e9 na resid\u00eancia dos alunos. <\/p>\n\n\n\n<p>\u201cMuitos procedimentos devem ser essenciais para qualquer ao sair de casa, como o uso correto de m\u00e1scaras e a lavagem de m\u00e3os. Al\u00e9m de tomar banho  e lavar as roupas ao chegar em casa&#8221;, alerta.<\/p>\n\n\n\n<p>&#8220;Temos que ensinar todos esses procedimentos aos nossos filhos para que se mantenham seguros, acima de tudo. Isso precisa se tornar um h\u00e1bito, j\u00e1 que medidas coletivas podem diminuir, e em alguns casos at\u00e9 erradicar, infec\u00e7\u00f5es adquiridas no ambiente\u201d, afirma o biom\u00e9dico.<\/p>\n\n\n\n<h4>Paci\u00eancia e empatia para educar<\/h4>\n\n\n\n<p>Contudo, ainda h\u00e1 crian\u00e7as e adolescentes que t\u00eam dificuldade em assimilar o uso cont\u00ednuo das etiquetas b\u00e1sicas no dia a dia fora de casa, assim, evitando a prolifera\u00e7\u00e3o da Covid-19. <\/p>\n\n\n\n<p>Com isso, \u00e9 preciso muita paci\u00eancia, amor e empatia para ensinar aos filhos a import\u00e2ncia de cuidar de si e dos outros. <\/p>\n\n\n\n<p>Mas, para Felipe, o padr\u00e3o repetitivo \u00e9 importante. \u201cA repeti\u00e7\u00e3o das etiquetas faz as pessoas lembrarem e cumprirem de forma autom\u00e1tica, como no uso das m\u00e1scaras faciais\u201d, comenta.<\/p>\n\n\n\n<p>J\u00e1 Matheus indica a\u00e7\u00f5es recreativas que auxiliam no ensinamento. \u201cPara passar essas informa\u00e7\u00f5es sempre utilize m\u00e9todos l\u00fadicos, como brincadeiras ou m\u00fasicas, j\u00e1 que elas n\u00e3o t\u00eam como entender o perigo da situa\u00e7\u00e3o. A conten\u00e7\u00e3o da doen\u00e7a sempre come\u00e7a com o conhecimento sobre a mesma\u201d, orienta o biom\u00e9dico.<\/p>\n\n\n\n<h4>Um por todos e todos por um<\/h4>\n\n\n\n<p>No final, a comunidade escolar deve ter preocupa\u00e7\u00f5es e cuidados conjuntos, sabendo que esta responsabilidade \u00e9 de todos, impedindo o aumento da contamina\u00e7\u00e3o dentro das institui\u00e7\u00f5es. <\/p>\n\n\n\n<p>\u201cA parceria entre escola e fam\u00edlia \u00e9 imprescind\u00edvel para que qualquer a\u00e7\u00e3o alcance o sucesso. Com a preven\u00e7\u00e3o e controle das doen\u00e7as transmiss\u00edveis, n\u00e3o \u00e9 diferente\u201d, conta Cascardi.<\/p>\n\n\n\n<p>\u201c\u00c9 preciso se policiar com rela\u00e7\u00e3o aos sintomas, se mantendo em isolamento, caso manifeste qualquer tipo de sintoma at\u00edpico\u201d, finaliza o virologista Matheus Natal.<\/p>\n\n\n\n<p>Por fim, com a possibilidade do <a rel=\"noreferrer noopener\" href=\"https:\/\/blog.filhosemfila.com.br\/index.php\/2020\/09\/30\/ensino-hibrido-uma-tendencia-do-seculo-21\/\" target=\"_blank\">ensino h\u00edbrido<\/a>, que aproxima ainda mais toda a comunidade escolar, as institui\u00e7\u00f5es podem contribuir para que os pais eduquem seus filhos da melhor maneira fazendo com que as medidas de seguran\u00e7a e higiene sejam seguidas.<\/p>\n","protected":false},"excerpt":{"rendered":"<p>Ensinar sobre a preven\u00e7\u00e3o contra a Covid-19 no lar reduz a contamina\u00e7\u00e3o nas escolas, pois tornamos os alunos mais respons\u00e1veis por si e pelos outros Vivemos em um momento complexo de inseguran\u00e7a, incertezas e d\u00favidas, mas sabemos que \u00e9 preciso manter todas as pessoas alinhadas sobre os cuidados a serem tomados para evitarmos a dissemina\u00e7\u00e3o [&hellip;]<\/p>\n","protected":false},"author":10,"featured_media":805,"comment_status":"open","ping_status":"open","sticky":false,"template":"","format":"standard","meta":[],"categories":[202],"tags":[266,236,241,257,11,248,265,258,239,261,51,259,255,20,12,37,256],"_links":{"self":[{"href":"https:\/\/blog.filhosemfila.com.br\/index.php\/wp-json\/wp\/v2\/posts\/681"}],"collection":[{"href":"https:\/\/blog.filhosemfila.com.br\/index.php\/wp-json\/wp\/v2\/posts"}],"about":[{"href":"https:\/\/blog.filhosemfila.com.br\/index.php\/wp-json\/wp\/v2\/types\/post"}],"author":[{"embeddable":true,"href":"https:\/\/blog.filhosemfila.com.br\/index.php\/wp-json\/wp\/v2\/users\/10"}],"replies":[{"embeddable":true,"href":"https:\/\/blog.filhosemfila.com.br\/index.php\/wp-json\/wp\/v2\/comments?post=681"}],"version-history":[{"count":4,"href":"https:\/\/blog.filhosemfila.com.br\/index.php\/wp-json\/wp\/v2\/posts\/681\/revisions"}],"predecessor-version":[{"id":791,"href":"https:\/\/blog.filhosemfila.com.br\/index.php\/wp-json\/wp\/v2\/posts\/681\/revisions\/791"}],"wp:featuredmedia":[{"embeddable":true,"href":"https:\/\/blog.filhosemfila.com.br\/index.php\/wp-json\/wp\/v2\/media\/805"}],"wp:attachment":[{"href":"https:\/\/blog.filhosemfila.com.br\/index.php\/wp-json\/wp\/v2\/media?parent=681"}],"wp:term":[{"taxonomy":"category","embeddable":true,"href":"https:\/\/blog.filhosemfila.com.br\/index.php\/wp-json\/wp\/v2\/categories?post=681"},{"taxonomy":"post_tag","embeddable":true,"href":"https:\/\/blog.filhosemfila.com.br\/index.php\/wp-json\/wp\/v2\/tags?post=681"}],"curies":[{"name":"wp","href":"https:\/\/api.w.org\/{rel}","templated":true}]}}