{"id":734,"date":"2021-06-23T06:53:00","date_gmt":"2021-06-23T09:53:00","guid":{"rendered":"http:\/\/blog.filhosemfila.com.br\/?p=734"},"modified":"2021-11-12T15:44:05","modified_gmt":"2021-11-12T18:44:05","slug":"sala-de-aula-invertida-engaja-estudantes","status":"publish","type":"post","link":"https:\/\/blog.filhosemfila.com.br\/index.php\/2021\/06\/23\/sala-de-aula-invertida-engaja-estudantes\/","title":{"rendered":"Sala de aula invertida engaja estudantes"},"content":{"rendered":"\n<p><em>Hoje, mais do que em qualquer outro momento, \u00e9 importante elevar o ensino nas escolas para uma abordagem invertida, mais colaborativa e aut\u00f4noma<\/em><\/p>\n\n\n\n<p>A sala de aula invertida, tamb\u00e9m conhecida como <em>flipped classroom<\/em>, \u00e9 uma inova\u00e7\u00e3o na aprendizagem, onde o aluno vai absorver o conte\u00fado fora da sala de aula, por meio de ferramentas <em>online,<\/em> desenvolvendo os assuntos na escola posteriormente. <\/p>\n\n\n\n<p>Isso permitir\u00e1 que o aluno interaja com o professor e os colegas, tire d\u00favidas e construia atividades em grupo para compreens\u00e3o do tema.<\/p>\n\n\n\n<h4>Case de sucesso<\/h4>\n\n\n\n<p>H\u00e1 seis anos, o <a rel=\"noreferrer noopener\" href=\"https:\/\/arbos.com.br\/\" target=\"_blank\">col\u00e9gio Arbos<\/a>, de Santo Andr\u00e9 (SP), utiliza o m\u00e9todo de sala invertida no ensino. <\/p>\n\n\n\n<p>\u201cA sala de aula invertida \u00e9 uma abordagem metodol\u00f3gica pautada na complementa\u00e7\u00e3o dos estudos presenciais de forma aut\u00f4noma, que pressup\u00f5e questionamentos, resolu\u00e7\u00e3o de problemas, aprendizagem ativa e colaborativa, <em>feedback<\/em>, desenvolvimento de projetos e utiliza\u00e7\u00e3o da tecnologia como ferramenta de intera\u00e7\u00e3o&#8221;, explica a coordenadora pedag\u00f3gica, Luciana de Vitta.<\/p>\n\n\n\n<p>Os alunos come\u00e7am a consumir os conte\u00fados dentro de suas casas, por exemplo, por interm\u00e9dio do ensino <em>online<\/em>. &#8220;Posteriormente executam esse conhecimento na sala de aula\u201d, comenta.<\/p>\n\n\n\n<p>Ela diz que os alunos passam a ter um papel relevante sobre a constru\u00e7\u00e3o das atividades. \u201cA principal mudan\u00e7a \u00e9 a altera\u00e7\u00e3o dos holofotes. O estudante ocupa um papel de destaque no processo de aprendizagem, trazendo para a aula presencial a coautoria do que e como ser\u00e1 desenvolvido.\u201d<\/p>\n\n\n\n<h4>Benef\u00edcios<\/h4>\n\n\n\n<p>Luciana afirma que a metodologia traz diversos benef\u00edcios aos estudantes. \u201cUtilizamos a sala de aula invertida h\u00e1 mais de seis anos e notamos que houve otimiza\u00e7\u00e3o do tempo, conquista da autonomia, engajamento e prontid\u00e3o para a aprendizagem, uma vez que o professor proporciona situa\u00e7\u00f5es n\u00e3o presenciais estimulando o estudante a identificar as necessidades de aquisi\u00e7\u00e3o do conhecimento\u201d, finaliza.<\/p>\n\n\n\n<p>O col\u00e9gio Arbos \u00e9 um exemplo de que a sala de aula invertida d\u00e1 certo, com diversos benef\u00edcios para os alunos e para a institui\u00e7\u00e3o. <\/p>\n\n\n\n<p>E neste momento de pandemia, com o<a rel=\"noreferrer noopener\" href=\"https:\/\/blog.filhosemfila.com.br\/index.php\/2020\/09\/30\/ensino-hibrido-uma-tendencia-do-seculo-21\/\" target=\"_blank\"> ensino h\u00edbrido em evid\u00eancia<\/a>, iniciar o processo de sala de aula invertida pode ser favor\u00e1vel para que as escolas extraiam o m\u00e1ximo da compet\u00eancia de seus alunos.<\/p>\n","protected":false},"excerpt":{"rendered":"<p>Hoje, mais do que em qualquer outro momento, \u00e9 importante elevar o ensino nas escolas para uma abordagem invertida, mais colaborativa e aut\u00f4noma A sala de aula invertida, tamb\u00e9m conhecida como flipped classroom, \u00e9 uma inova\u00e7\u00e3o na aprendizagem, onde o aluno vai absorver o conte\u00fado fora da sala de aula, por meio de ferramentas online, [&hellip;]<\/p>\n","protected":false},"author":10,"featured_media":807,"comment_status":"open","ping_status":"open","sticky":false,"template":"","format":"standard","meta":[],"categories":[196,8],"tags":[271,273,274,272,236,241,257,11,248,239,261,259,269,270,20,12,37,256],"_links":{"self":[{"href":"https:\/\/blog.filhosemfila.com.br\/index.php\/wp-json\/wp\/v2\/posts\/734"}],"collection":[{"href":"https:\/\/blog.filhosemfila.com.br\/index.php\/wp-json\/wp\/v2\/posts"}],"about":[{"href":"https:\/\/blog.filhosemfila.com.br\/index.php\/wp-json\/wp\/v2\/types\/post"}],"author":[{"embeddable":true,"href":"https:\/\/blog.filhosemfila.com.br\/index.php\/wp-json\/wp\/v2\/users\/10"}],"replies":[{"embeddable":true,"href":"https:\/\/blog.filhosemfila.com.br\/index.php\/wp-json\/wp\/v2\/comments?post=734"}],"version-history":[{"count":3,"href":"https:\/\/blog.filhosemfila.com.br\/index.php\/wp-json\/wp\/v2\/posts\/734\/revisions"}],"predecessor-version":[{"id":756,"href":"https:\/\/blog.filhosemfila.com.br\/index.php\/wp-json\/wp\/v2\/posts\/734\/revisions\/756"}],"wp:featuredmedia":[{"embeddable":true,"href":"https:\/\/blog.filhosemfila.com.br\/index.php\/wp-json\/wp\/v2\/media\/807"}],"wp:attachment":[{"href":"https:\/\/blog.filhosemfila.com.br\/index.php\/wp-json\/wp\/v2\/media?parent=734"}],"wp:term":[{"taxonomy":"category","embeddable":true,"href":"https:\/\/blog.filhosemfila.com.br\/index.php\/wp-json\/wp\/v2\/categories?post=734"},{"taxonomy":"post_tag","embeddable":true,"href":"https:\/\/blog.filhosemfila.com.br\/index.php\/wp-json\/wp\/v2\/tags?post=734"}],"curies":[{"name":"wp","href":"https:\/\/api.w.org\/{rel}","templated":true}]}}