{"id":835,"date":"2021-12-15T10:30:00","date_gmt":"2021-12-15T13:30:00","guid":{"rendered":"https:\/\/blog.filhosemfila.com.br\/?p=835"},"modified":"2021-12-15T11:30:12","modified_gmt":"2021-12-15T14:30:12","slug":"school-guardian-foi-a-unica-startup-brasileira-escolhida-para-programa-de-imersao-no-setor-educacional-norte-americano","status":"publish","type":"post","link":"https:\/\/blog.filhosemfila.com.br\/index.php\/2021\/12\/15\/school-guardian-foi-a-unica-startup-brasileira-escolhida-para-programa-de-imersao-no-setor-educacional-norte-americano\/","title":{"rendered":"School Guardian foi a \u00fanica startup brasileira escolhida para programa no setor educacional dos EUA"},"content":{"rendered":"\n<p><em>O\u00a0programa Started Immersion, organizado pela StartEd, de Nova Iorque, trouxe rela\u00e7\u00f5es positivas na meta de crescimento da School Guardian<\/em><\/p>\n\n\n\n<p>Entre os 6 e 11 de dezembro de 2021 aconteceu o programa de imers\u00e3o virtual organizado pela aceleradora de startups de educa\u00e7\u00e3o StartEd, sediada em Nova Iorque, nos Estados Unidos. <\/p>\n\n\n\n<p>E a <a href=\"https:\/\/www.schoolguardian.app\/\" target=\"_blank\" rel=\"noreferrer noopener\"><strong>School Guardian<\/strong><\/a> foi a \u00fanica edtech do Brasil a ser selecionada para o programa que, por 40 horas, permitiu aos participantes aprender sobre o mercado de educa\u00e7\u00e3o e de tecnologia para educa\u00e7\u00e3o daquele pa\u00eds,&nbsp;trocar informa\u00e7\u00f5es e experi\u00eancias sobre o desenvolvimento de neg\u00f3cios nos Estados Unidos, al\u00e9m de estabelecer contatos com diversos atores do pa\u00eds.&nbsp;<\/p>\n\n\n\n<p>\u201cO evento trouxe muitas oportunidades de conex\u00e3o para n\u00f3s, em um mercado no qual temos metas importantes de crescimento. E isso \u00e9 extremamente positivo para as nossas expectativas. Al\u00e9m disso, os conte\u00fados compartilhados, tanto pelos mentores como tamb\u00e9m por fundadores de edtechs americanas dos Estados Unidos e de outros pa\u00edses, nos ajudaram a entender o funcionamento do mercado educacional norte-americano\u201d, comentou o CEO da School Guardian, Leo Gmeiner.<\/p>\n","protected":false},"excerpt":{"rendered":"<p>O\u00a0programa Started Immersion, organizado pela StartEd, de Nova Iorque, trouxe rela\u00e7\u00f5es positivas na meta de crescimento da School Guardian Entre os 6 e 11 de dezembro de 2021 aconteceu o programa de imers\u00e3o virtual organizado pela aceleradora de startups de educa\u00e7\u00e3o StartEd, sediada em Nova Iorque, nos Estados Unidos. E a School Guardian foi a [&hellip;]<\/p>\n","protected":false},"author":10,"featured_media":836,"comment_status":"open","ping_status":"open","sticky":false,"template":"","format":"standard","meta":[],"categories":[1],"tags":[236,241,257,284,11,285,248,283,260,258,286,287,239,261,259,255,20,12,37,256],"_links":{"self":[{"href":"https:\/\/blog.filhosemfila.com.br\/index.php\/wp-json\/wp\/v2\/posts\/835"}],"collection":[{"href":"https:\/\/blog.filhosemfila.com.br\/index.php\/wp-json\/wp\/v2\/posts"}],"about":[{"href":"https:\/\/blog.filhosemfila.com.br\/index.php\/wp-json\/wp\/v2\/types\/post"}],"author":[{"embeddable":true,"href":"https:\/\/blog.filhosemfila.com.br\/index.php\/wp-json\/wp\/v2\/users\/10"}],"replies":[{"embeddable":true,"href":"https:\/\/blog.filhosemfila.com.br\/index.php\/wp-json\/wp\/v2\/comments?post=835"}],"version-history":[{"count":2,"href":"https:\/\/blog.filhosemfila.com.br\/index.php\/wp-json\/wp\/v2\/posts\/835\/revisions"}],"predecessor-version":[{"id":842,"href":"https:\/\/blog.filhosemfila.com.br\/index.php\/wp-json\/wp\/v2\/posts\/835\/revisions\/842"}],"wp:featuredmedia":[{"embeddable":true,"href":"https:\/\/blog.filhosemfila.com.br\/index.php\/wp-json\/wp\/v2\/media\/836"}],"wp:attachment":[{"href":"https:\/\/blog.filhosemfila.com.br\/index.php\/wp-json\/wp\/v2\/media?parent=835"}],"wp:term":[{"taxonomy":"category","embeddable":true,"href":"https:\/\/blog.filhosemfila.com.br\/index.php\/wp-json\/wp\/v2\/categories?post=835"},{"taxonomy":"post_tag","embeddable":true,"href":"https:\/\/blog.filhosemfila.com.br\/index.php\/wp-json\/wp\/v2\/tags?post=835"}],"curies":[{"name":"wp","href":"https:\/\/api.w.org\/{rel}","templated":true}]}}